{"id":91193,"date":"2023-10-02T12:50:14","date_gmt":"2023-10-02T12:50:14","guid":{"rendered":"https:\/\/www.csanyialapitvany.hu\/?p=91193"},"modified":"2023-10-02T13:03:03","modified_gmt":"2023-10-02T13:03:03","slug":"tortenelem-tudomany-es-tura-kaposvaron","status":"publish","type":"post","link":"https:\/\/www.csanyialapitvany.hu\/en\/tortenelem-tudomany-es-tura-kaposvaron\/","title":{"rendered":"T\u00f6rt\u00e9nelem, tudom\u00e1ny \u00e9s t\u00fara Kaposv\u00e1ron"},"content":{"rendered":"<p>Harmadik \u00e9ve, hogy r\u00e9szt vesz\u00fcnk\u00a0 a Kutat\u00f3k \u00c9jszak\u00e1ja valamely programj\u00e1ban. Id\u00e9n kisebb volt a v\u00e1rosi k\u00edn\u00e1lat, csup\u00e1n k\u00e9t helyet tal\u00e1ltam, ahol sz\u00ednvonalas programokkal v\u00e1rt\u00e1k az \u00e9rdekl\u0151d\u0151ket. Igy h\u00e1t saj\u00e1t sulinkra, a Munk\u00e1csy gimire esett a v\u00e1laszt\u00e1sunk. N\u00e9gy f\u0151s csapatokkal forg\u00f3sz\u00ednpad-szer\u0171en j\u00e1rtuk v\u00e9gig a tan\u00e1rok \u00e1ltal \u00f6ssze\u00e1ll\u00edtott feladatokat. A kedvenceink k\u00f6z\u00e9 tartoztak a r\u00e9g\u00e9szetet \u00e9s a csont\u00e1sat\u00e1st ismertet\u0151 el\u0151ad\u00e1s (\u00f6r\u00f6mmel \u00fcdv\u00f6z\u00f6lt\u00fck Varga M\u00e1t\u00e9 fejleszt\u0151nket, aki a r\u00e9g\u00e9szet ezen szeglet\u00e9be vezette be a jelenl\u00e9v\u0151ket);<\/p>\n<p style=\"text-align: center;\"><img loading=\"lazy\" decoding=\"async\" class=\"alignnone size-medium wp-image-91203\" src=\"https:\/\/www.csanyialapitvany.hu\/wp-content\/uploads\/2023\/10\/kej4-300x189.jpg\" alt=\"\" width=\"300\" height=\"189\" srcset=\"https:\/\/www.csanyialapitvany.hu\/wp-content\/uploads\/2023\/10\/kej4-300x189.jpg 300w, https:\/\/www.csanyialapitvany.hu\/wp-content\/uploads\/2023\/10\/kej4-1024x645.jpg 1024w, https:\/\/www.csanyialapitvany.hu\/wp-content\/uploads\/2023\/10\/kej4-768x483.jpg 768w, https:\/\/www.csanyialapitvany.hu\/wp-content\/uploads\/2023\/10\/kej4-700x441.jpg 700w, https:\/\/www.csanyialapitvany.hu\/wp-content\/uploads\/2023\/10\/kej4-1100x692.jpg 1100w, https:\/\/www.csanyialapitvany.hu\/wp-content\/uploads\/2023\/10\/kej4.jpg 1139w\" sizes=\"auto, (max-width: 300px) 100vw, 300px\" \/> <img loading=\"lazy\" decoding=\"async\" class=\"alignnone size-medium wp-image-91195\" src=\"https:\/\/www.csanyialapitvany.hu\/wp-content\/uploads\/2023\/10\/kutej-138x300.jpg\" alt=\"\" width=\"138\" height=\"300\" srcset=\"https:\/\/www.csanyialapitvany.hu\/wp-content\/uploads\/2023\/10\/kutej-138x300.jpg 138w, https:\/\/www.csanyialapitvany.hu\/wp-content\/uploads\/2023\/10\/kutej-472x1024.jpg 472w, https:\/\/www.csanyialapitvany.hu\/wp-content\/uploads\/2023\/10\/kutej-768x1665.jpg 768w, https:\/\/www.csanyialapitvany.hu\/wp-content\/uploads\/2023\/10\/kutej-709x1536.jpg 709w, https:\/\/www.csanyialapitvany.hu\/wp-content\/uploads\/2023\/10\/kutej-700x1517.jpg 700w, https:\/\/www.csanyialapitvany.hu\/wp-content\/uploads\/2023\/10\/kutej.jpg 923w\" sizes=\"auto, (max-width: 138px) 100vw, 138px\" \/><\/p>\n<p>&nbsp;<\/p>\n<p>J\u00f3 volt a pap\u00edrrep\u00fcl\u0151 hajtogat\u00e1s, illetve annak fizikai magyar\u00e1zatai; valamint a hangk\u00e9pz\u00e9s k\u00fcl\u00f6nb\u00f6z\u0151 technik\u00e1i. De nem volt hi\u00e1ny egy p\u00e1r l\u00e1tv\u00e1nyos k\u00e9miai k\u00eds\u00e9rletb\u0151l sem az este bek\u00f6sz\u00f6nt\u00e9vel. A nap v\u00e9g\u00e9n egy teah\u00e1zba invit\u00e1ltak minket a szervez\u0151k, \u00e9s igaz kedvcsin\u00e1l\u00f3nak \u00edt\u00e9ltem meg egy di\u00e1kt\u00e1rsunk kalandoz\u00e1s\u00e1r\u00f3l sz\u00f3l\u00f3 el\u0151ad\u00e1st, amely a Nam\u00edbi\u00e1ban t\u00f6rt\u00e9nt barangol\u00e1s\u00e1r\u00f3l sz\u00f3lt.<\/p>\n<p style=\"text-align: right;\"><em>Kov\u00e1cs-Nagy Sarolta \u00e9s Rad\u00f3 Barnab\u00e1s<\/em><\/p>\n<p>Szeptember utols\u00f3 h\u00e9tv\u00e9g\u00e9je m\u00e1s programmal is szolg\u00e1lt a kaposv\u00e1ri 2-es csoport tagjainak. T\u00faraklubunk leg\u00fajabb epiz\u00f3dj\u00e1nak f\u0151szerep\u00e9ben gazemberek, legend\u00e1k \u00e9s legend\u00e1s gazemberek voltak. No nem ak\u00e1rmilyen b\u0171n\u00f6z\u0151k, hanem haz\u00e1nk h\u00edres bety\u00e1rjai.\u00c9l benn\u00fcnk egy romantikus k\u00e9p a bety\u00e1rokr\u00f3l, ezt azonban t\u00f6rt\u00e9n\u00e9sz\u00fcnk a t\u00e9nyekre hivatkozva gyorsan \u00e1trajzolta: hiszen az eml\u00edtettek sokkal kev\u00e9sb\u00e9 voltak honos\u00edtott \u201erobidhooodok\u201d. \u0150k ugyanis nem a &#8220;gazdagokt\u00f3l rablunk szeg\u00e9nyeknek odaadjuk&#8221; projektj\u00e9t hajtott\u00e1k v\u00e9gre. Raboltak \u0151k, s\u0151t helyenk\u00e9nt az ember\u00f6l\u00e9st\u0151l sem riadtak vissza.<\/p>\n<p>\u00datk\u00f6zben \u00e9rintett\u00fck a somogyi hat\u00e1rsz\u00e9l egykor szebb napokat l\u00e1tott telep\u00fcl\u00e9s\u00e9t Somogyszilt. M\u00e1t\u00e9t\u00f3l megtudtuk, hogy a valaha k\u00e9tezres lakoss\u00e1got sz\u00e1ml\u00e1l\u00f3 telep\u00fcl\u00e9st, a korban kifejezetten gazdagnak sz\u00e1m\u00edt\u00f3 falut gyakorlatilag a vas\u00fatvonal kiker\u00fcl\u00e9se lass\u00fa sorvad\u00e1sra \u00edt\u00e9lte. Ma m\u00e9g gy\u00f6ny\u00f6r\u0171 polg\u00e1ri, nagyparaszti port\u00e1k \u00e1llnak, \u00fcresen. Viszont a t\u00f6bb \u00e9vtizedes fasorok m\u00e9g mindig sz\u00e9pen mutatnak utat az utaz\u00f3knak. T\u00far\u00e1nk indul\u00e1si pontja a szomsz\u00e9d telep\u00fcl\u00e9s, V\u00e1rong Somogy \u00e9s Tolna hat\u00e1rfaluja, ahonnan elindultunk a k\u00e9pzeletbeli id\u0151utaz\u00e1son \u00e9s az \u00f6sv\u00e9nyen is. Ez az a k\u00f6rny\u00e9k, ahol Sobri J\u00f3ska (vagy Zsubri, ki melyik legend\u00e1t szereti jobban) utols\u00f3 \u00f6sszecsap\u00e1sa t\u00f6rt\u00e9nt a csend\u0151r\u00f6kkel. Noha mi nem a hat\u00f3s\u00e1ggal, puszt\u00e1n a kora \u0151szi t\u00e1jjal harcoltunk, a mi utunk is izgalmasra sikeredett. Egy, a szok\u00e1sosn\u00e1l r\u00f6videbb, n\u00e9gy kilom\u00e9teres szakaszt, s\u00e9t\u00e1t kellett tenn\u00fcnk a Patk\u00f3 k\u00fathoz, \u00e1m Varga M\u00e1t\u00e9 fejleszt\u0151nkkel annyira belemer\u00fclt\u00fcnk a dualizmus kori polg\u00e1rmesterek \u00e9s a t\u00farabalesetek t\u00f6rt\u00e9neteibe, hogy rossz \u00fatra t\u00e9rt\u00fcnk, \u00edgy egy elsz\u00e1radt napraforg\u00f3mez\u0151n \u00e1tv\u00e1gva \u00e9rt\u00fcnk csak c\u00e9lba.<\/p>\n<p><img loading=\"lazy\" decoding=\"async\" class=\"alignnone size-medium wp-image-91197 aligncenter\" src=\"https:\/\/www.csanyialapitvany.hu\/wp-content\/uploads\/2023\/10\/IMG_8157-300x200.jpg\" alt=\"\" width=\"300\" height=\"200\" srcset=\"https:\/\/www.csanyialapitvany.hu\/wp-content\/uploads\/2023\/10\/IMG_8157-300x200.jpg 300w, https:\/\/www.csanyialapitvany.hu\/wp-content\/uploads\/2023\/10\/IMG_8157-1024x683.jpg 1024w, https:\/\/www.csanyialapitvany.hu\/wp-content\/uploads\/2023\/10\/IMG_8157-768x512.jpg 768w, https:\/\/www.csanyialapitvany.hu\/wp-content\/uploads\/2023\/10\/IMG_8157-1536x1024.jpg 1536w, https:\/\/www.csanyialapitvany.hu\/wp-content\/uploads\/2023\/10\/IMG_8157-2048x1365.jpg 2048w, https:\/\/www.csanyialapitvany.hu\/wp-content\/uploads\/2023\/10\/IMG_8157-700x467.jpg 700w, https:\/\/www.csanyialapitvany.hu\/wp-content\/uploads\/2023\/10\/IMG_8157-1100x733.jpg 1100w, https:\/\/www.csanyialapitvany.hu\/wp-content\/uploads\/2023\/10\/IMG_8157.jpg 2000w\" sizes=\"auto, (max-width: 300px) 100vw, 300px\" \/><\/p>\n<p>A k\u00fatn\u00e1l piknikezt\u00fcnk egyet, s a j\u00f3\u00edz\u0171 eledelhez j\u00f3hangulat\u00fa bety\u00e1ros versik\u00e9ket hallgattunk meg. Meglepett, hogy milyen \u201egazdag\u201d irodalma van a bety\u00e1rsztoriknak \u00e9s rigmusoknak. Megn\u00e9zt\u00fcnk egy k\u00f6zel 40 m\u00e9teres \u00f6reg ny\u00e1rf\u00e1t \u2013 t\u00f6bben \u00e1llap\u00edtottuk meg, hogy ilyen magasat m\u00e9g nem is l\u00e1ttunk eddig soha &#8211; majd k\u00f6zelebbr\u0151l megismerkedve a d\u00e9l-dun\u00e1nt\u00fali dombok meredeks\u00e9g\u00e9vel lihegve vissza\u00e9rt\u00fcnk V\u00e1rongba. Hazafel\u00e9 pedig egy fagyival jutalmaztuk\u00a0meg helyt\u00e1ll\u00e1sunkat. Remek h\u00e9tv\u00e9ge volt, \u00e9s a &#8220;bemeleg\u00edt\u0151&#8221; alkalom ut\u00e1n M\u00e1t\u00e9 egyet \u00edg\u00e9rt csak, hogy a k\u00f6vetkez\u0151 utunk enn\u00e9l biztosan hosszabb lesz.<\/p>\n<p style=\"text-align: center;\"><img loading=\"lazy\" decoding=\"async\" class=\"alignnone size-medium wp-image-91198\" src=\"https:\/\/www.csanyialapitvany.hu\/wp-content\/uploads\/2023\/10\/IMG_8190-300x200.jpg\" alt=\"\" width=\"300\" height=\"200\" srcset=\"https:\/\/www.csanyialapitvany.hu\/wp-content\/uploads\/2023\/10\/IMG_8190-300x200.jpg 300w, https:\/\/www.csanyialapitvany.hu\/wp-content\/uploads\/2023\/10\/IMG_8190-1024x683.jpg 1024w, https:\/\/www.csanyialapitvany.hu\/wp-content\/uploads\/2023\/10\/IMG_8190-768x512.jpg 768w, https:\/\/www.csanyialapitvany.hu\/wp-content\/uploads\/2023\/10\/IMG_8190-1536x1024.jpg 1536w, https:\/\/www.csanyialapitvany.hu\/wp-content\/uploads\/2023\/10\/IMG_8190-2048x1365.jpg 2048w, https:\/\/www.csanyialapitvany.hu\/wp-content\/uploads\/2023\/10\/IMG_8190-700x467.jpg 700w, https:\/\/www.csanyialapitvany.hu\/wp-content\/uploads\/2023\/10\/IMG_8190-1100x733.jpg 1100w, https:\/\/www.csanyialapitvany.hu\/wp-content\/uploads\/2023\/10\/IMG_8190.jpg 2000w\" sizes=\"auto, (max-width: 300px) 100vw, 300px\" \/> \u00a0<img loading=\"lazy\" decoding=\"async\" class=\"alignnone size-medium wp-image-91200\" src=\"https:\/\/www.csanyialapitvany.hu\/wp-content\/uploads\/2023\/10\/IMG_8206-300x200.jpg\" alt=\"\" width=\"300\" height=\"200\" srcset=\"https:\/\/www.csanyialapitvany.hu\/wp-content\/uploads\/2023\/10\/IMG_8206-300x200.jpg 300w, https:\/\/www.csanyialapitvany.hu\/wp-content\/uploads\/2023\/10\/IMG_8206-1024x683.jpg 1024w, https:\/\/www.csanyialapitvany.hu\/wp-content\/uploads\/2023\/10\/IMG_8206-768x512.jpg 768w, https:\/\/www.csanyialapitvany.hu\/wp-content\/uploads\/2023\/10\/IMG_8206-1536x1024.jpg 1536w, https:\/\/www.csanyialapitvany.hu\/wp-content\/uploads\/2023\/10\/IMG_8206-2048x1365.jpg 2048w, https:\/\/www.csanyialapitvany.hu\/wp-content\/uploads\/2023\/10\/IMG_8206-700x467.jpg 700w, https:\/\/www.csanyialapitvany.hu\/wp-content\/uploads\/2023\/10\/IMG_8206-1100x733.jpg 1100w, https:\/\/www.csanyialapitvany.hu\/wp-content\/uploads\/2023\/10\/IMG_8206.jpg 1600w\" sizes=\"auto, (max-width: 300px) 100vw, 300px\" \/> <img loading=\"lazy\" decoding=\"async\" class=\"alignnone size-medium wp-image-91201\" src=\"https:\/\/www.csanyialapitvany.hu\/wp-content\/uploads\/2023\/10\/IMG_8240-300x200.jpg\" alt=\"\" width=\"300\" height=\"200\" srcset=\"https:\/\/www.csanyialapitvany.hu\/wp-content\/uploads\/2023\/10\/IMG_8240-300x200.jpg 300w, https:\/\/www.csanyialapitvany.hu\/wp-content\/uploads\/2023\/10\/IMG_8240-1024x683.jpg 1024w, https:\/\/www.csanyialapitvany.hu\/wp-content\/uploads\/2023\/10\/IMG_8240-768x512.jpg 768w, https:\/\/www.csanyialapitvany.hu\/wp-content\/uploads\/2023\/10\/IMG_8240-1536x1024.jpg 1536w, https:\/\/www.csanyialapitvany.hu\/wp-content\/uploads\/2023\/10\/IMG_8240-2048x1365.jpg 2048w, https:\/\/www.csanyialapitvany.hu\/wp-content\/uploads\/2023\/10\/IMG_8240-700x467.jpg 700w, https:\/\/www.csanyialapitvany.hu\/wp-content\/uploads\/2023\/10\/IMG_8240-1100x733.jpg 1100w, https:\/\/www.csanyialapitvany.hu\/wp-content\/uploads\/2023\/10\/IMG_8240.jpg 2000w\" sizes=\"auto, (max-width: 300px) 100vw, 300px\" \/><\/p>\n<p style=\"text-align: right;\"><em>Antal Dominik <\/em><\/p>\n<p>A tan\u00e9v els\u0151 t\u00far\u00e1j\u00e1nak egy r\u00f6vid, k\u00f6nnyedebb t\u00far\u00e1t v\u00e1lasztottunk Somogy \u00e9s Tolna megye hat\u00e1r\u00e1n, a Somogyszil mellett tal\u00e1lhat\u00f3 Patk\u00f3-k\u00fathoz. Az utunk V\u00e1rongr\u00f3l indult, ahol m\u00e1r egyb\u0151l h\u00edrt adhattam a term\u00e9szet \u00e9s t\u00f6rt\u00e9nelem kedvel\u0151 t\u00farat\u00e1rsaknak a bety\u00e1rokr\u00f3l. Ugyanis a falu hat\u00e1r\u00e1ban csapott \u00f6ssze Sobri J\u00f3ska, h\u00edres bakonyi bety\u00e1r \u00e9s csapata az \u0151t \u00fcld\u00f6z\u0151 pand\u00farokkal 1837-ben. Sobri nem somogyi bety\u00e1r volt, csak menek\u00fcl\u00e9se sor\u00e1n jutott el Somogyba, ahol nem is k\u00f6vetett el semmilyen b\u0171nt\u00e9nyt. Az esem\u00e9nyeket sok legenda lengi k\u00f6r\u00fcl. Egyes elk\u00e9pzel\u00e9sek szerint Sobri megl\u0151tte mag\u00e1t, \u00e9s a szomsz\u00e9dos L\u00e1paf\u0151 temet\u0151j\u00e9ben temett\u00e9k el, ahol manaps\u00e1g egy kopjaf\u00e1val eml\u00e9keznek meg r\u00f3la. M\u00e1sok szerint nem Sobri volt az elhunyt bety\u00e1r, azaz el tudott menek\u00fclni, \u00e9s a k\u00e9s\u0151bbiekben tisztess\u00e9ges \u00fatra t\u00e9rt. Az idei \u00e1llom\u00e1sunk m\u00e1r egy somogyi bety\u00e1rhoz kapcsol\u00f3dik, pontosabban t\u00f6bb bety\u00e1rhoz. A Somogyszil hat\u00e1r\u00e1ban tal\u00e1lhat\u00f3 Patk\u00f3-k\u00fatn\u00e1l a legenda szerint gyakran megfordult Patk\u00f3 Bandi, itt itatta lov\u00e1t, \u00e9s \u00e9vtizedekkel ezel\u0151tt m\u00e9g egy fa is \u00e1llt ott, amiben a P B monogram volt belekarcolva. Azonban ahogyan lenni szokott a legend\u00e1kkal, ez is s\u00e1nt\u00edt egy kicsit. Ugyanis Patk\u00f3 Bandi nev\u0171 bety\u00e1r nem l\u00e9tezett, viszont volt Patk\u00f3 Jancsi \u00e9s Patk\u00f3 Pista, val\u00f3sz\u00edn\u0171leg ezt moshatta \u00f6ssze a n\u00e9pi eml\u00e9kezet.<\/p>\n<p style=\"text-align: center;\"><img loading=\"lazy\" decoding=\"async\" class=\"alignnone size-medium wp-image-91196\" src=\"https:\/\/www.csanyialapitvany.hu\/wp-content\/uploads\/2023\/10\/IMG_8222-300x200.jpg\" alt=\"\" width=\"300\" height=\"200\" srcset=\"https:\/\/www.csanyialapitvany.hu\/wp-content\/uploads\/2023\/10\/IMG_8222-300x200.jpg 300w, https:\/\/www.csanyialapitvany.hu\/wp-content\/uploads\/2023\/10\/IMG_8222-1024x683.jpg 1024w, https:\/\/www.csanyialapitvany.hu\/wp-content\/uploads\/2023\/10\/IMG_8222-768x512.jpg 768w, https:\/\/www.csanyialapitvany.hu\/wp-content\/uploads\/2023\/10\/IMG_8222-1536x1024.jpg 1536w, https:\/\/www.csanyialapitvany.hu\/wp-content\/uploads\/2023\/10\/IMG_8222-2048x1365.jpg 2048w, https:\/\/www.csanyialapitvany.hu\/wp-content\/uploads\/2023\/10\/IMG_8222-700x467.jpg 700w, https:\/\/www.csanyialapitvany.hu\/wp-content\/uploads\/2023\/10\/IMG_8222-1100x733.jpg 1100w, https:\/\/www.csanyialapitvany.hu\/wp-content\/uploads\/2023\/10\/IMG_8222.jpg 2000w\" sizes=\"auto, (max-width: 300px) 100vw, 300px\" \/><\/p>\n<p>A k\u00fat\/forr\u00e1s k\u00f6zel\u00e9ben m\u00e9g a Hunyady csal\u00e1d ( k\u00f6rny\u00e9k neves f\u00f6ldbirtokos csal\u00e1dja) alak\u00edtott ki pihen\u0151helyet, egy kis t\u00f3val, \u00e9s az 1950-es \u00e9vekig egy kis k\u00e1polna is volt itt. Illetve a k\u00f6zelben egy 40 m\u00e9teres ny\u00e1rfa is tal\u00e1lhat\u00f3, ami szint\u00e9n kuri\u00f3zumnak sz\u00e1m\u00edt. A ter\u00fclet most is sz\u00e9pen karbantartott pihen\u0151hely.<\/p>\n<p style=\"text-align: center;\"><img loading=\"lazy\" decoding=\"async\" class=\"alignnone size-medium wp-image-91204\" src=\"https:\/\/www.csanyialapitvany.hu\/wp-content\/uploads\/2023\/10\/sasa-to-300x225.jpg\" alt=\"\" width=\"300\" height=\"225\" srcset=\"https:\/\/www.csanyialapitvany.hu\/wp-content\/uploads\/2023\/10\/sasa-to-300x225.jpg 300w, https:\/\/www.csanyialapitvany.hu\/wp-content\/uploads\/2023\/10\/sasa-to-1024x768.jpg 1024w, https:\/\/www.csanyialapitvany.hu\/wp-content\/uploads\/2023\/10\/sasa-to-768x576.jpg 768w, https:\/\/www.csanyialapitvany.hu\/wp-content\/uploads\/2023\/10\/sasa-to-1536x1152.jpg 1536w, https:\/\/www.csanyialapitvany.hu\/wp-content\/uploads\/2023\/10\/sasa-to-2048x1536.jpg 2048w, https:\/\/www.csanyialapitvany.hu\/wp-content\/uploads\/2023\/10\/sasa-to-800x600.jpg 800w, https:\/\/www.csanyialapitvany.hu\/wp-content\/uploads\/2023\/10\/sasa-to-700x525.jpg 700w, https:\/\/www.csanyialapitvany.hu\/wp-content\/uploads\/2023\/10\/sasa-to-1100x825.jpg 1100w, https:\/\/www.csanyialapitvany.hu\/wp-content\/uploads\/2023\/10\/sasa-to.jpg 2000w\" sizes=\"auto, (max-width: 300px) 100vw, 300px\" \/> <img loading=\"lazy\" decoding=\"async\" class=\"alignnone wp-image-91199\" src=\"https:\/\/www.csanyialapitvany.hu\/wp-content\/uploads\/2023\/10\/IMG_8198-300x200.jpg\" alt=\"\" width=\"335\" height=\"223\" srcset=\"https:\/\/www.csanyialapitvany.hu\/wp-content\/uploads\/2023\/10\/IMG_8198-300x200.jpg 300w, https:\/\/www.csanyialapitvany.hu\/wp-content\/uploads\/2023\/10\/IMG_8198-1024x683.jpg 1024w, https:\/\/www.csanyialapitvany.hu\/wp-content\/uploads\/2023\/10\/IMG_8198-768x512.jpg 768w, https:\/\/www.csanyialapitvany.hu\/wp-content\/uploads\/2023\/10\/IMG_8198-1536x1024.jpg 1536w, https:\/\/www.csanyialapitvany.hu\/wp-content\/uploads\/2023\/10\/IMG_8198-2048x1365.jpg 2048w, https:\/\/www.csanyialapitvany.hu\/wp-content\/uploads\/2023\/10\/IMG_8198-700x467.jpg 700w, https:\/\/www.csanyialapitvany.hu\/wp-content\/uploads\/2023\/10\/IMG_8198-1100x733.jpg 1100w, https:\/\/www.csanyialapitvany.hu\/wp-content\/uploads\/2023\/10\/IMG_8198.jpg 2000w\" sizes=\"auto, (max-width: 335px) 100vw, 335px\" \/><\/p>\n<p>Ahogyan az elm\u00falt \u00e9vek sor\u00e1n most is igyekeztem olyan megyesz\u00e9khely k\u00f6zeli helysz\u00ednt tal\u00e1lni t\u00farac\u00e9lpontk\u00e9nt, amely kev\u00e9sb\u00e9 k\u00f6zismert t\u00f6rt\u00e9nelmi h\u00e1tt\u00e9rrel is rendelkezik. A kir\u00e1ndul\u00e1s kiv\u00e1l\u00f3 lehet\u0151s\u00e9get adott arra is, hogy a t\u00f6rt\u00e9nelmi hiteless\u00e9get a k\u00f6zsz\u00e1jon forg\u00f3 legend\u00e1kkal vess\u00fck \u00f6ssze egy kev\u00e9sb\u00e9 ismert szelet\u00e9ben hist\u00f3ri\u00e1inknak. Irodalmi vonatkoz\u00e1sa is van a bety\u00e1roknak, sok dal, n\u00e9pdal, n\u00e9pk\u00f6lt\u00e9szeti alkot\u00e1s sz\u00fcletett a t\u00e9m\u00e1ban, egyik \u201egy\u00f6ngyszemet\u201d a pihen\u0151n osztottam meg. S b\u00e1r tanult irodalm\u00e1r koll\u00e9g\u00e1im bizony\u00e1ra m\u00e1st gondolnak az irodalmi \u00e9rt\u00e9k fogalm\u00e1r\u00f3l, m\u00e9gis \u00e1lljon itt egy n\u00e9pi rigmus megeml\u00e9kezv\u00e9n a h\u00edres bety\u00e1rr\u00f3l:<\/p>\n<p style=\"text-align: center;\">\u201eR\u00e9pa Rozi Billeg\u00e9ben<\/p>\n<p style=\"text-align: center;\">Nyugszik a Sobri \u00f6l\u00e9ben<\/p>\n<p style=\"text-align: center;\">Mag\u00e1t azzal vigasztalja<\/p>\n<p style=\"text-align: center;\">Sobri J\u00f3ska a galambja.<\/p>\n<p style=\"text-align: center;\">Ne higyj Rozi a Sobrinak,<\/p>\n<p style=\"text-align: center;\">Kedves \u0151 a kisasszonynak,<\/p>\n<p style=\"text-align: center;\">Kivel hogyha mulatozik,<\/p>\n<p style=\"text-align: center;\">R\u00f3lad nem is gondolkozik.<\/p>\n<p style=\"text-align: center;\">Sobri J\u00f3ska gyocsgaty\u00e1ja,<\/p>\n<p style=\"text-align: center;\">Kivarratta figur\u00e1ra;<\/p>\n<p style=\"text-align: center;\">R\u00e9pa Rozi varrta r\u00e1ja,<\/p>\n<p style=\"text-align: center;\">Az volt a kedves bab\u00e1ja\u201d<\/p>\n<p>&nbsp;<\/p>\n<p>Okt\u00f3ber v\u00e9gi t\u00far\u00e1nk \u00e9szak somogyi r\u00e9gi\u00f3ba vezet, ahol a terep kev\u00e9sb\u00e9 hasonl\u00edt az itteni lank\u00e1khoz, \u00e9s a t\u00f6rt\u00e9nelemben pedig kor\u00e1bbi korszakhoz kapcsol\u00f3dik; a ritk\u00e1n l\u00e1togatott Kereki v\u00e1rhoz visz t\u00farautunk majd.<\/p>\n<p style=\"text-align: right;\"><em>Varga M\u00e1t\u00e9 fejleszt\u0151<\/em><\/p>\n<p>&nbsp;<\/p>\n<p style=\"text-align: center;\"><img loading=\"lazy\" decoding=\"async\" class=\"alignnone wp-image-91202\" src=\"https:\/\/www.csanyialapitvany.hu\/wp-content\/uploads\/2023\/10\/IMG_8223-300x200.jpg\" alt=\"\" width=\"503\" height=\"335\" srcset=\"https:\/\/www.csanyialapitvany.hu\/wp-content\/uploads\/2023\/10\/IMG_8223-300x200.jpg 300w, https:\/\/www.csanyialapitvany.hu\/wp-content\/uploads\/2023\/10\/IMG_8223-1024x683.jpg 1024w, https:\/\/www.csanyialapitvany.hu\/wp-content\/uploads\/2023\/10\/IMG_8223-768x512.jpg 768w, https:\/\/www.csanyialapitvany.hu\/wp-content\/uploads\/2023\/10\/IMG_8223-1536x1024.jpg 1536w, https:\/\/www.csanyialapitvany.hu\/wp-content\/uploads\/2023\/10\/IMG_8223-2048x1365.jpg 2048w, https:\/\/www.csanyialapitvany.hu\/wp-content\/uploads\/2023\/10\/IMG_8223-700x467.jpg 700w, https:\/\/www.csanyialapitvany.hu\/wp-content\/uploads\/2023\/10\/IMG_8223-1100x733.jpg 1100w, https:\/\/www.csanyialapitvany.hu\/wp-content\/uploads\/2023\/10\/IMG_8223.jpg 2000w\" sizes=\"auto, (max-width: 503px) 100vw, 503px\" \/><\/p>\n<p style=\"text-align: right;\">\n<p>&nbsp;<\/p>\n<p>&nbsp;<\/p>","protected":false},"excerpt":{"rendered":"<p>Harmadik \u00e9ve, hogy r\u00e9szt vesz\u00fcnk\u00a0 a Kutat\u00f3k \u00c9jszak\u00e1ja valamely programj\u00e1ban. Id\u00e9n kisebb volt a v\u00e1rosi k\u00edn\u00e1lat, csup\u00e1n k\u00e9t helyet tal\u00e1ltam,&#8230;<\/p>\n","protected":false},"author":13,"featured_media":91194,"comment_status":"closed","ping_status":"open","sticky":false,"template":"","format":"standard","meta":{"footnotes":""},"categories":[5],"tags":[],"class_list":["post-91193","post","type-post","status-publish","format-standard","has-post-thumbnail","hentry","category-kaposvar"],"_links":{"self":[{"href":"https:\/\/www.csanyialapitvany.hu\/en\/wp-json\/wp\/v2\/posts\/91193","targetHints":{"allow":["GET"]}}],"collection":[{"href":"https:\/\/www.csanyialapitvany.hu\/en\/wp-json\/wp\/v2\/posts"}],"about":[{"href":"https:\/\/www.csanyialapitvany.hu\/en\/wp-json\/wp\/v2\/types\/post"}],"author":[{"embeddable":true,"href":"https:\/\/www.csanyialapitvany.hu\/en\/wp-json\/wp\/v2\/users\/13"}],"replies":[{"embeddable":true,"href":"https:\/\/www.csanyialapitvany.hu\/en\/wp-json\/wp\/v2\/comments?post=91193"}],"version-history":[{"count":2,"href":"https:\/\/www.csanyialapitvany.hu\/en\/wp-json\/wp\/v2\/posts\/91193\/revisions"}],"predecessor-version":[{"id":91211,"href":"https:\/\/www.csanyialapitvany.hu\/en\/wp-json\/wp\/v2\/posts\/91193\/revisions\/91211"}],"wp:featuredmedia":[{"embeddable":true,"href":"https:\/\/www.csanyialapitvany.hu\/en\/wp-json\/wp\/v2\/media\/91194"}],"wp:attachment":[{"href":"https:\/\/www.csanyialapitvany.hu\/en\/wp-json\/wp\/v2\/media?parent=91193"}],"wp:term":[{"taxonomy":"category","embeddable":true,"href":"https:\/\/www.csanyialapitvany.hu\/en\/wp-json\/wp\/v2\/categories?post=91193"},{"taxonomy":"post_tag","embeddable":true,"href":"https:\/\/www.csanyialapitvany.hu\/en\/wp-json\/wp\/v2\/tags?post=91193"}],"curies":[{"name":"wp","href":"https:\/\/api.w.org\/{rel}","templated":true}]}}